{"status":"ok","message-type":"work","message-version":"1.0.0","message":{"indexed":{"date-parts":[[2026,1,24]],"date-time":"2026-01-24T19:51:43Z","timestamp":1769284303472,"version":"3.49.0"},"reference-count":0,"publisher":"Ediciones de La Erg\u00e1stula, S.L.","content-domain":{"domain":[],"crossmark-restriction":false},"short-container-title":["FSSI"],"published-print":{"date-parts":[[2021,6,26]]},"abstract":"<jats:p>Castro Marim, villa y castillo, situado en el l\u00edmite con el Guadiana, vive un conflicto cotidiano con Ayamonte.  Disputan el cruce de la l\u00ednea fronteriza, los derechos de tributaci\u00f3n y el anclaje de barcos. Los libros de demarcaci\u00f3n fronteriza muestran un d\u00eda a d\u00eda donde el conflicto, la amistad y la paz conviven. Castro Marim domina un mercado apreciable en la regi\u00f3n, como lo demuestra su carta de fuero manuelina, ubic\u00e1ndose como uno de los pocos puertos navegables, por grandes barcos, en el Algarve. El castillo, se\u00f1or\u00edo de la Orden de Cristo, se asume como una protecci\u00f3n a la vida cotidiana de Castro Marim y una seguridad sobre el normal desempe\u00f1o de sus actividades. Tambi\u00e9n es un lugar ofensivo ante la presencia castellana, como lo demuestra la configuraci\u00f3n de su espacio militar y habitacional.<\/jats:p>","DOI":"10.63114\/02mg2b71","type":"journal-article","created":{"date-parts":[[2025,3,20]],"date-time":"2025-03-20T11:54:53Z","timestamp":1742471693000},"page":"201-220","source":"Crossref","is-referenced-by-count":1,"title":["Castro Marim: cen\u00e1rios de in\u00edcios do s\u00e9culo XVI"],"prefix":"10.63114","author":[{"name":"Universidade Portucalense Infante D. Henrique","sequence":"first","affiliation":[]},{"ORCID":"https:\/\/orcid.org\/0000-0002-1277-3700","authenticated-orcid":false,"given":"Isabel","family":"Vaz de Freitas","sequence":"first","affiliation":[]}],"member":"52466","container-title":["Fortificaciones se\u00f1oriales del suroeste ib\u00e9rico. La huella documental"],"original-title":[],"deposited":{"date-parts":[[2025,3,20]],"date-time":"2025-03-20T11:55:03Z","timestamp":1742471703000},"score":1,"resource":{"primary":{"URL":"https:\/\/clavis.es\/index.php\/erg\/catalog\/book\/18\/chapter\/7"}},"subtitle":[],"short-title":[],"issued":{"date-parts":[[2021,6,26]]},"references-count":0,"URL":"https:\/\/doi.org\/10.63114\/02mg2b71","relation":{},"subject":[],"published":{"date-parts":[[2021,6,26]]}}}